{"id":318,"date":"2026-03-04T01:00:43","date_gmt":"2026-03-04T00:00:43","guid":{"rendered":"https:\/\/team-bananenflanke.de\/ulm\/?p=318"},"modified":"2026-03-03T22:29:20","modified_gmt":"2026-03-03T21:29:20","slug":"team-bananenflanke-ulm-beim-u11-cup-2026-in-unterelchingen","status":"publish","type":"post","link":"https:\/\/team-bananenflanke.de\/ulm\/2026\/03\/04\/team-bananenflanke-ulm-beim-u11-cup-2026-in-unterelchingen\/","title":{"rendered":"Team Bananenflanke Ulm beim U11 Cup 2026 in Unterelchingen"},"content":{"rendered":"<p>Beim U11 Cup in\u00a0Unterelchingen im Januar 2026 durften wir auch in diesem Jahr wieder mit zwei Mannschaften auflaufen. In einem kurzen Einlagespiel zeigten unsere Spieler:innen eindrucksvoll, dass auch Kinder mit Handicap mit viel Freude und Einsatz Fu\u00dfball spielen k\u00f6nnen. F\u00fcr uns war es eine tolle Gelegenheit uns und unseren Verein vorzustellen. Die Stimmung war gro\u00dfartig, die Zuschauer haben uns begeistert angefeuert und es war insgesamt eine tolle Atmosph\u00e4re. Es macht immer wieder Spa\u00df zu sehen, wie viel Freude Fu\u00dfball allen Beteiligten bereitet. Vielen Dank an die Veranstalter f\u00fcr die Einladung, wir waren mit Begeisterung dabei!<\/p>\n<p><img loading=\"lazy\" decoding=\"async\" class=\"size-medium wp-image-322 alignleft\" src=\"https:\/\/team-bananenflanke.de\/ulm\/wp-content\/uploads\/2026\/02\/Gruppenbild-300x225.jpg\" alt=\"\" width=\"300\" height=\"225\" \/><img loading=\"lazy\" decoding=\"async\" class=\"size-medium wp-image-321 alignright\" src=\"https:\/\/team-bananenflanke.de\/ulm\/wp-content\/uploads\/2026\/02\/Spiel-300x225.jpg\" alt=\"\" width=\"300\" height=\"225\" \/><\/p>\n<p><img loading=\"lazy\" decoding=\"async\" class=\"size-medium wp-image-327 alignleft\" src=\"https:\/\/team-bananenflanke.de\/ulm\/wp-content\/uploads\/2026\/02\/IMG_4547-300x198.jpg\" alt=\"\" width=\"300\" height=\"198\" \/><\/p>\n<p><img loading=\"lazy\" decoding=\"async\" class=\"size-medium wp-image-326 alignright\" src=\"https:\/\/team-bananenflanke.de\/ulm\/wp-content\/uploads\/2026\/02\/IMG_4546-300x198.jpg\" alt=\"\" width=\"300\" height=\"198\" \/><\/p>\n<p><img loading=\"lazy\" decoding=\"async\" class=\"size-medium wp-image-320 alignleft\" src=\"https:\/\/team-bananenflanke.de\/ulm\/wp-content\/uploads\/2026\/02\/Fun-Bild-300x225.jpg\" alt=\"\" width=\"300\" height=\"225\" \/><\/p>\n","protected":false},"excerpt":{"rendered":"<p>Beim U11 Cup in\u00a0Unterelchingen im Januar 2026 durften wir auch in diesem Jahr wieder mit zwei Mannschaften auflaufen. In einem kurzen Einlagespiel zeigten unsere Spieler:innen eindrucksvoll, dass auch Kinder mit Handicap mit viel Freude und Einsatz Fu\u00dfball spielen k\u00f6nnen. F\u00fcr uns war es eine tolle Gelegenheit uns und unseren Verein vorzustellen. Die Stimmung war gro\u00dfartig, [&hellip;]<\/p>\n","protected":false},"author":2,"featured_media":0,"comment_status":"closed","ping_status":"closed","sticky":false,"template":"","format":"standard","meta":{"_et_pb_use_builder":"off","_et_pb_old_content":"","_et_gb_content_width":"","footnotes":""},"categories":[1],"tags":[],"class_list":["post-318","post","type-post","status-publish","format-standard","hentry","category-allgemein"],"yoast_head":"<!-- This site is optimized with the Yoast SEO plugin v27.5 - https:\/\/yoast.com\/product\/yoast-seo-wordpress\/ -->\n<title>Team Bananenflanke Ulm beim U11 Cup 2026 in Unterelchingen - Team Bananenflanke\u00ae Ulm e.V.<\/title>\n<meta name=\"robots\" content=\"index, follow, max-snippet:-1, max-image-preview:large, max-video-preview:-1\" \/>\n<link rel=\"canonical\" href=\"https:\/\/team-bananenflanke.de\/ulm\/2026\/03\/04\/team-bananenflanke-ulm-beim-u11-cup-2026-in-unterelchingen\/\" \/>\n<meta property=\"og:locale\" content=\"de_DE\" \/>\n<meta property=\"og:type\" content=\"article\" \/>\n<meta property=\"og:title\" content=\"Team Bananenflanke Ulm beim U11 Cup 2026 in Unterelchingen - Team Bananenflanke\u00ae Ulm e.V.\" \/>\n<meta property=\"og:description\" content=\"Beim U11 Cup in\u00a0Unterelchingen im Januar 2026 durften wir auch in diesem Jahr wieder mit zwei Mannschaften auflaufen. In einem kurzen Einlagespiel zeigten unsere Spieler:innen eindrucksvoll, dass auch Kinder mit Handicap mit viel Freude und Einsatz Fu\u00dfball spielen k\u00f6nnen. F\u00fcr uns war es eine tolle Gelegenheit uns und unseren Verein vorzustellen. Die Stimmung war gro\u00dfartig, [&hellip;]\" \/>\n<meta property=\"og:url\" content=\"https:\/\/team-bananenflanke.de\/ulm\/2026\/03\/04\/team-bananenflanke-ulm-beim-u11-cup-2026-in-unterelchingen\/\" \/>\n<meta property=\"og:site_name\" content=\"Team Bananenflanke\u00ae Ulm e.V.\" \/>\n<meta property=\"article:published_time\" content=\"2026-03-04T00:00:43+00:00\" \/>\n<meta property=\"og:image\" content=\"https:\/\/team-bananenflanke.de\/ulm\/wp-content\/uploads\/2026\/02\/Gruppenbild.jpg\" \/>\n\t<meta property=\"og:image:width\" content=\"2048\" \/>\n\t<meta property=\"og:image:height\" content=\"1536\" \/>\n\t<meta property=\"og:image:type\" content=\"image\/jpeg\" \/>\n<meta name=\"author\" content=\"Jana Melter\" \/>\n<meta name=\"twitter:card\" content=\"summary_large_image\" \/>\n<meta name=\"twitter:label1\" content=\"Verfasst von\" \/>\n\t<meta name=\"twitter:data1\" content=\"Jana Melter\" \/>\n\t<meta name=\"twitter:label2\" content=\"Gesch\u00e4tzte Lesezeit\" \/>\n\t<meta name=\"twitter:data2\" content=\"2\u00a0Minuten\" \/>\n<script type=\"application\/ld+json\" class=\"yoast-schema-graph\">{\"@context\":\"https:\\\/\\\/schema.org\",\"@graph\":[{\"@type\":\"Article\",\"@id\":\"https:\\\/\\\/team-bananenflanke.de\\\/ulm\\\/2026\\\/03\\\/04\\\/team-bananenflanke-ulm-beim-u11-cup-2026-in-unterelchingen\\\/#article\",\"isPartOf\":{\"@id\":\"https:\\\/\\\/team-bananenflanke.de\\\/ulm\\\/2026\\\/03\\\/04\\\/team-bananenflanke-ulm-beim-u11-cup-2026-in-unterelchingen\\\/\"},\"author\":{\"name\":\"Jana Melter\",\"@id\":\"https:\\\/\\\/team-bananenflanke.de\\\/ulm\\\/#\\\/schema\\\/person\\\/bcad3507d6898f61b5f4f473554fc905\"},\"headline\":\"Team Bananenflanke Ulm beim U11 Cup 2026 in Unterelchingen\",\"datePublished\":\"2026-03-04T00:00:43+00:00\",\"mainEntityOfPage\":{\"@id\":\"https:\\\/\\\/team-bananenflanke.de\\\/ulm\\\/2026\\\/03\\\/04\\\/team-bananenflanke-ulm-beim-u11-cup-2026-in-unterelchingen\\\/\"},\"wordCount\":111,\"image\":{\"@id\":\"https:\\\/\\\/team-bananenflanke.de\\\/ulm\\\/2026\\\/03\\\/04\\\/team-bananenflanke-ulm-beim-u11-cup-2026-in-unterelchingen\\\/#primaryimage\"},\"thumbnailUrl\":\"https:\\\/\\\/team-bananenflanke.de\\\/ulm\\\/wp-content\\\/uploads\\\/2026\\\/02\\\/Gruppenbild-300x225.jpg\",\"inLanguage\":\"de\"},{\"@type\":\"WebPage\",\"@id\":\"https:\\\/\\\/team-bananenflanke.de\\\/ulm\\\/2026\\\/03\\\/04\\\/team-bananenflanke-ulm-beim-u11-cup-2026-in-unterelchingen\\\/\",\"url\":\"https:\\\/\\\/team-bananenflanke.de\\\/ulm\\\/2026\\\/03\\\/04\\\/team-bananenflanke-ulm-beim-u11-cup-2026-in-unterelchingen\\\/\",\"name\":\"Team Bananenflanke Ulm beim U11 Cup 2026 in Unterelchingen - Team Bananenflanke\u00ae Ulm e.V.\",\"isPartOf\":{\"@id\":\"https:\\\/\\\/team-bananenflanke.de\\\/ulm\\\/#website\"},\"primaryImageOfPage\":{\"@id\":\"https:\\\/\\\/team-bananenflanke.de\\\/ulm\\\/2026\\\/03\\\/04\\\/team-bananenflanke-ulm-beim-u11-cup-2026-in-unterelchingen\\\/#primaryimage\"},\"image\":{\"@id\":\"https:\\\/\\\/team-bananenflanke.de\\\/ulm\\\/2026\\\/03\\\/04\\\/team-bananenflanke-ulm-beim-u11-cup-2026-in-unterelchingen\\\/#primaryimage\"},\"thumbnailUrl\":\"https:\\\/\\\/team-bananenflanke.de\\\/ulm\\\/wp-content\\\/uploads\\\/2026\\\/02\\\/Gruppenbild-300x225.jpg\",\"datePublished\":\"2026-03-04T00:00:43+00:00\",\"author\":{\"@id\":\"https:\\\/\\\/team-bananenflanke.de\\\/ulm\\\/#\\\/schema\\\/person\\\/bcad3507d6898f61b5f4f473554fc905\"},\"breadcrumb\":{\"@id\":\"https:\\\/\\\/team-bananenflanke.de\\\/ulm\\\/2026\\\/03\\\/04\\\/team-bananenflanke-ulm-beim-u11-cup-2026-in-unterelchingen\\\/#breadcrumb\"},\"inLanguage\":\"de\",\"potentialAction\":[{\"@type\":\"ReadAction\",\"target\":[\"https:\\\/\\\/team-bananenflanke.de\\\/ulm\\\/2026\\\/03\\\/04\\\/team-bananenflanke-ulm-beim-u11-cup-2026-in-unterelchingen\\\/\"]}]},{\"@type\":\"ImageObject\",\"inLanguage\":\"de\",\"@id\":\"https:\\\/\\\/team-bananenflanke.de\\\/ulm\\\/2026\\\/03\\\/04\\\/team-bananenflanke-ulm-beim-u11-cup-2026-in-unterelchingen\\\/#primaryimage\",\"url\":\"https:\\\/\\\/team-bananenflanke.de\\\/ulm\\\/wp-content\\\/uploads\\\/2026\\\/02\\\/Gruppenbild.jpg\",\"contentUrl\":\"https:\\\/\\\/team-bananenflanke.de\\\/ulm\\\/wp-content\\\/uploads\\\/2026\\\/02\\\/Gruppenbild.jpg\",\"width\":2048,\"height\":1536},{\"@type\":\"BreadcrumbList\",\"@id\":\"https:\\\/\\\/team-bananenflanke.de\\\/ulm\\\/2026\\\/03\\\/04\\\/team-bananenflanke-ulm-beim-u11-cup-2026-in-unterelchingen\\\/#breadcrumb\",\"itemListElement\":[{\"@type\":\"ListItem\",\"position\":1,\"name\":\"Startseite\",\"item\":\"https:\\\/\\\/team-bananenflanke.de\\\/ulm\\\/\"},{\"@type\":\"ListItem\",\"position\":2,\"name\":\"Team Bananenflanke Ulm beim U11 Cup 2026 in Unterelchingen\"}]},{\"@type\":\"WebSite\",\"@id\":\"https:\\\/\\\/team-bananenflanke.de\\\/ulm\\\/#website\",\"url\":\"https:\\\/\\\/team-bananenflanke.de\\\/ulm\\\/\",\"name\":\"Team Bananenflanke\u00ae Ulm e.V.\",\"description\":\"Fu\u00dfball kennt keine Grenzen!\",\"potentialAction\":[{\"@type\":\"SearchAction\",\"target\":{\"@type\":\"EntryPoint\",\"urlTemplate\":\"https:\\\/\\\/team-bananenflanke.de\\\/ulm\\\/?s={search_term_string}\"},\"query-input\":{\"@type\":\"PropertyValueSpecification\",\"valueRequired\":true,\"valueName\":\"search_term_string\"}}],\"inLanguage\":\"de\"},{\"@type\":\"Person\",\"@id\":\"https:\\\/\\\/team-bananenflanke.de\\\/ulm\\\/#\\\/schema\\\/person\\\/bcad3507d6898f61b5f4f473554fc905\",\"name\":\"Jana Melter\",\"image\":{\"@type\":\"ImageObject\",\"inLanguage\":\"de\",\"@id\":\"https:\\\/\\\/secure.gravatar.com\\\/avatar\\\/9acf5c50cd40e43a50bba3e78add6ff7dfc315aaffd785fc20f5cabfedc56be9?s=96&d=mm&r=g\",\"url\":\"https:\\\/\\\/secure.gravatar.com\\\/avatar\\\/9acf5c50cd40e43a50bba3e78add6ff7dfc315aaffd785fc20f5cabfedc56be9?s=96&d=mm&r=g\",\"contentUrl\":\"https:\\\/\\\/secure.gravatar.com\\\/avatar\\\/9acf5c50cd40e43a50bba3e78add6ff7dfc315aaffd785fc20f5cabfedc56be9?s=96&d=mm&r=g\",\"caption\":\"Jana Melter\"},\"url\":\"https:\\\/\\\/team-bananenflanke.de\\\/ulm\\\/author\\\/jana-melter\\\/\"}]}<\/script>\n<!-- \/ Yoast SEO plugin. -->","yoast_head_json":{"title":"Team Bananenflanke Ulm beim U11 Cup 2026 in Unterelchingen - Team Bananenflanke\u00ae Ulm e.V.","robots":{"index":"index","follow":"follow","max-snippet":"max-snippet:-1","max-image-preview":"max-image-preview:large","max-video-preview":"max-video-preview:-1"},"canonical":"https:\/\/team-bananenflanke.de\/ulm\/2026\/03\/04\/team-bananenflanke-ulm-beim-u11-cup-2026-in-unterelchingen\/","og_locale":"de_DE","og_type":"article","og_title":"Team Bananenflanke Ulm beim U11 Cup 2026 in Unterelchingen - Team Bananenflanke\u00ae Ulm e.V.","og_description":"Beim U11 Cup in\u00a0Unterelchingen im Januar 2026 durften wir auch in diesem Jahr wieder mit zwei Mannschaften auflaufen. In einem kurzen Einlagespiel zeigten unsere Spieler:innen eindrucksvoll, dass auch Kinder mit Handicap mit viel Freude und Einsatz Fu\u00dfball spielen k\u00f6nnen. F\u00fcr uns war es eine tolle Gelegenheit uns und unseren Verein vorzustellen. Die Stimmung war gro\u00dfartig, [&hellip;]","og_url":"https:\/\/team-bananenflanke.de\/ulm\/2026\/03\/04\/team-bananenflanke-ulm-beim-u11-cup-2026-in-unterelchingen\/","og_site_name":"Team Bananenflanke\u00ae Ulm e.V.","article_published_time":"2026-03-04T00:00:43+00:00","og_image":[{"width":2048,"height":1536,"url":"https:\/\/team-bananenflanke.de\/ulm\/wp-content\/uploads\/2026\/02\/Gruppenbild.jpg","type":"image\/jpeg"}],"author":"Jana Melter","twitter_card":"summary_large_image","twitter_misc":{"Verfasst von":"Jana Melter","Gesch\u00e4tzte Lesezeit":"2\u00a0Minuten"},"schema":{"@context":"https:\/\/schema.org","@graph":[{"@type":"Article","@id":"https:\/\/team-bananenflanke.de\/ulm\/2026\/03\/04\/team-bananenflanke-ulm-beim-u11-cup-2026-in-unterelchingen\/#article","isPartOf":{"@id":"https:\/\/team-bananenflanke.de\/ulm\/2026\/03\/04\/team-bananenflanke-ulm-beim-u11-cup-2026-in-unterelchingen\/"},"author":{"name":"Jana Melter","@id":"https:\/\/team-bananenflanke.de\/ulm\/#\/schema\/person\/bcad3507d6898f61b5f4f473554fc905"},"headline":"Team Bananenflanke Ulm beim U11 Cup 2026 in Unterelchingen","datePublished":"2026-03-04T00:00:43+00:00","mainEntityOfPage":{"@id":"https:\/\/team-bananenflanke.de\/ulm\/2026\/03\/04\/team-bananenflanke-ulm-beim-u11-cup-2026-in-unterelchingen\/"},"wordCount":111,"image":{"@id":"https:\/\/team-bananenflanke.de\/ulm\/2026\/03\/04\/team-bananenflanke-ulm-beim-u11-cup-2026-in-unterelchingen\/#primaryimage"},"thumbnailUrl":"https:\/\/team-bananenflanke.de\/ulm\/wp-content\/uploads\/2026\/02\/Gruppenbild-300x225.jpg","inLanguage":"de"},{"@type":"WebPage","@id":"https:\/\/team-bananenflanke.de\/ulm\/2026\/03\/04\/team-bananenflanke-ulm-beim-u11-cup-2026-in-unterelchingen\/","url":"https:\/\/team-bananenflanke.de\/ulm\/2026\/03\/04\/team-bananenflanke-ulm-beim-u11-cup-2026-in-unterelchingen\/","name":"Team Bananenflanke Ulm beim U11 Cup 2026 in Unterelchingen - Team Bananenflanke\u00ae Ulm e.V.","isPartOf":{"@id":"https:\/\/team-bananenflanke.de\/ulm\/#website"},"primaryImageOfPage":{"@id":"https:\/\/team-bananenflanke.de\/ulm\/2026\/03\/04\/team-bananenflanke-ulm-beim-u11-cup-2026-in-unterelchingen\/#primaryimage"},"image":{"@id":"https:\/\/team-bananenflanke.de\/ulm\/2026\/03\/04\/team-bananenflanke-ulm-beim-u11-cup-2026-in-unterelchingen\/#primaryimage"},"thumbnailUrl":"https:\/\/team-bananenflanke.de\/ulm\/wp-content\/uploads\/2026\/02\/Gruppenbild-300x225.jpg","datePublished":"2026-03-04T00:00:43+00:00","author":{"@id":"https:\/\/team-bananenflanke.de\/ulm\/#\/schema\/person\/bcad3507d6898f61b5f4f473554fc905"},"breadcrumb":{"@id":"https:\/\/team-bananenflanke.de\/ulm\/2026\/03\/04\/team-bananenflanke-ulm-beim-u11-cup-2026-in-unterelchingen\/#breadcrumb"},"inLanguage":"de","potentialAction":[{"@type":"ReadAction","target":["https:\/\/team-bananenflanke.de\/ulm\/2026\/03\/04\/team-bananenflanke-ulm-beim-u11-cup-2026-in-unterelchingen\/"]}]},{"@type":"ImageObject","inLanguage":"de","@id":"https:\/\/team-bananenflanke.de\/ulm\/2026\/03\/04\/team-bananenflanke-ulm-beim-u11-cup-2026-in-unterelchingen\/#primaryimage","url":"https:\/\/team-bananenflanke.de\/ulm\/wp-content\/uploads\/2026\/02\/Gruppenbild.jpg","contentUrl":"https:\/\/team-bananenflanke.de\/ulm\/wp-content\/uploads\/2026\/02\/Gruppenbild.jpg","width":2048,"height":1536},{"@type":"BreadcrumbList","@id":"https:\/\/team-bananenflanke.de\/ulm\/2026\/03\/04\/team-bananenflanke-ulm-beim-u11-cup-2026-in-unterelchingen\/#breadcrumb","itemListElement":[{"@type":"ListItem","position":1,"name":"Startseite","item":"https:\/\/team-bananenflanke.de\/ulm\/"},{"@type":"ListItem","position":2,"name":"Team Bananenflanke Ulm beim U11 Cup 2026 in Unterelchingen"}]},{"@type":"WebSite","@id":"https:\/\/team-bananenflanke.de\/ulm\/#website","url":"https:\/\/team-bananenflanke.de\/ulm\/","name":"Team Bananenflanke\u00ae Ulm e.V.","description":"Fu\u00dfball kennt keine Grenzen!","potentialAction":[{"@type":"SearchAction","target":{"@type":"EntryPoint","urlTemplate":"https:\/\/team-bananenflanke.de\/ulm\/?s={search_term_string}"},"query-input":{"@type":"PropertyValueSpecification","valueRequired":true,"valueName":"search_term_string"}}],"inLanguage":"de"},{"@type":"Person","@id":"https:\/\/team-bananenflanke.de\/ulm\/#\/schema\/person\/bcad3507d6898f61b5f4f473554fc905","name":"Jana Melter","image":{"@type":"ImageObject","inLanguage":"de","@id":"https:\/\/secure.gravatar.com\/avatar\/9acf5c50cd40e43a50bba3e78add6ff7dfc315aaffd785fc20f5cabfedc56be9?s=96&d=mm&r=g","url":"https:\/\/secure.gravatar.com\/avatar\/9acf5c50cd40e43a50bba3e78add6ff7dfc315aaffd785fc20f5cabfedc56be9?s=96&d=mm&r=g","contentUrl":"https:\/\/secure.gravatar.com\/avatar\/9acf5c50cd40e43a50bba3e78add6ff7dfc315aaffd785fc20f5cabfedc56be9?s=96&d=mm&r=g","caption":"Jana Melter"},"url":"https:\/\/team-bananenflanke.de\/ulm\/author\/jana-melter\/"}]}},"_links":{"self":[{"href":"https:\/\/team-bananenflanke.de\/ulm\/wp-json\/wp\/v2\/posts\/318","targetHints":{"allow":["GET"]}}],"collection":[{"href":"https:\/\/team-bananenflanke.de\/ulm\/wp-json\/wp\/v2\/posts"}],"about":[{"href":"https:\/\/team-bananenflanke.de\/ulm\/wp-json\/wp\/v2\/types\/post"}],"author":[{"embeddable":true,"href":"https:\/\/team-bananenflanke.de\/ulm\/wp-json\/wp\/v2\/users\/2"}],"replies":[{"embeddable":true,"href":"https:\/\/team-bananenflanke.de\/ulm\/wp-json\/wp\/v2\/comments?post=318"}],"version-history":[{"count":5,"href":"https:\/\/team-bananenflanke.de\/ulm\/wp-json\/wp\/v2\/posts\/318\/revisions"}],"predecessor-version":[{"id":365,"href":"https:\/\/team-bananenflanke.de\/ulm\/wp-json\/wp\/v2\/posts\/318\/revisions\/365"}],"wp:attachment":[{"href":"https:\/\/team-bananenflanke.de\/ulm\/wp-json\/wp\/v2\/media?parent=318"}],"wp:term":[{"taxonomy":"category","embeddable":true,"href":"https:\/\/team-bananenflanke.de\/ulm\/wp-json\/wp\/v2\/categories?post=318"},{"taxonomy":"post_tag","embeddable":true,"href":"https:\/\/team-bananenflanke.de\/ulm\/wp-json\/wp\/v2\/tags?post=318"}],"curies":[{"name":"wp","href":"https:\/\/api.w.org\/{rel}","templated":true}]}}