{"id":259,"date":"2025-07-15T11:20:11","date_gmt":"2025-07-15T09:20:11","guid":{"rendered":"https:\/\/creative-idee.net\/bonn\/?p=259"},"modified":"2026-04-23T11:21:20","modified_gmt":"2026-04-23T09:21:20","slug":"ein-herzliches-dankeschoen-an-die-manfred-roth-stiftung","status":"publish","type":"post","link":"https:\/\/team-bananenflanke.de\/bonn\/2025\/07\/15\/ein-herzliches-dankeschoen-an-die-manfred-roth-stiftung\/","title":{"rendered":"Ein herzliches Dankesch\u00f6n an die Manfred Roth Stiftung"},"content":{"rendered":"<p>Die Bananenflanke Bonn freut sich sehr!<br \/>\nWir wurden zum zweiten Mal von der\u00a0<strong>Manfred Roth Stiftung<\/strong>\u00a0mit einer gro\u00dfz\u00fcgigen Spende von\u00a0<strong>2.000\u202f\u20ac<\/strong>\u00a0unterst\u00fctzt. Diese Wertsch\u00e4tzung ber\u00fchrt uns zutiefst und st\u00e4rkt unser Engagement f\u00fcr Kinder und Jugendliche mit besonderen Herausforderungen im Fu\u00dfball.<\/p>\n<p>Der pers\u00f6nliche Empfang durch Frau Hunold, Herrn Dirmeier, Herrn Wirtz und Herrn Bismarck war \u00fcberaus herzlich \u2013 fast famili\u00e4r. Im gemeinsamen Austausch konnten wir \u00fcber die Bedeutung ehrenamtlicher Arbeit sprechen, Erfahrungen teilen und neue Motivation tanken.<\/p>\n<p>Unser Vereinsvorsitzender\u00a0<strong>Klaus-Dieter H\u00e4seler<\/strong>\u00a0berichtete bei dieser Gelegenheit, wie die letztj\u00e4hrige Spende dazu beigetragen hat, ein fr\u00f6hliches Sommerfest in Bad Godesberg zu gestalten \u2013 ein Highlight f\u00fcr unsere Spieler: innen und ihre Familien.<\/p>\n<p>Die diesj\u00e4hrige Spende flie\u00dft nun in die Vorbereitung unseres gro\u00dfen\u00a0<strong>10-j\u00e4hrigen Jubil\u00e4ums<\/strong>, das wir am\u00a0<strong>20. Juni 2026<\/strong>\u00a0feiern. Wir freuen uns sehr, dass der\u00a0<strong>Niederlassungsleiter der Norma-Gesch\u00e4fte<\/strong>\u00a0uns auch diesmal erneut vorgeschlagen hat \u2013 ein Zeichen des Vertrauens, das uns besonders freut.<\/p>\n<p>Ebenso danken wir den Mitarbeiter: innen von Norma, die sich eine ganze Stunde Zeit f\u00fcr unseren Verein genommen haben \u2013 ein Zeichen echter Verbundenheit, das wir sehr zu sch\u00e4tzen wissen.<\/p>\n<p><strong>Wir sagen Danke von Herzen!<\/strong><br \/>\nSchon heute laden wir Sie herzlich zu unserem Jubil\u00e4umsfest ein. Wir freuen uns auf ein Wiedersehen am\u00a0<strong>20.06.2026<\/strong>!<\/p>\n","protected":false},"excerpt":{"rendered":"<p>Die Bananenflanke Bonn freut sich sehr! Wir wurden zum zweiten Mal von der\u00a0Manfred Roth Stiftung\u00a0mit einer gro\u00dfz\u00fcgigen Spende von\u00a02.000\u202f\u20ac\u00a0unterst\u00fctzt. Diese Wertsch\u00e4tzung ber\u00fchrt uns zutiefst und st\u00e4rkt unser Engagement f\u00fcr Kinder und Jugendliche mit besonderen Herausforderungen im Fu\u00dfball. Der pers\u00f6nliche Empfang durch Frau Hunold, Herrn Dirmeier, Herrn Wirtz und Herrn Bismarck war \u00fcberaus herzlich \u2013 fast [&hellip;]<\/p>\n","protected":false},"author":1,"featured_media":260,"comment_status":"closed","ping_status":"closed","sticky":false,"template":"","format":"standard","meta":{"_et_pb_use_builder":"","_et_pb_old_content":"","_et_gb_content_width":"","footnotes":""},"categories":[1],"tags":[],"class_list":["post-259","post","type-post","status-publish","format-standard","has-post-thumbnail","hentry","category-allgemein"],"yoast_head":"<!-- This site is optimized with the Yoast SEO plugin v27.4 - https:\/\/yoast.com\/product\/yoast-seo-wordpress\/ -->\n<title>Ein herzliches Dankesch\u00f6n an die Manfred Roth Stiftung - Team Bananenflanke\u00ae Bonn \/ Rhein-Sieg e.V.<\/title>\n<meta name=\"robots\" content=\"index, follow, max-snippet:-1, max-image-preview:large, max-video-preview:-1\" \/>\n<link rel=\"canonical\" href=\"https:\/\/team-bananenflanke.de\/bonn\/2025\/07\/15\/ein-herzliches-dankeschoen-an-die-manfred-roth-stiftung\/\" \/>\n<meta property=\"og:locale\" content=\"de_DE\" \/>\n<meta property=\"og:type\" content=\"article\" \/>\n<meta property=\"og:title\" content=\"Ein herzliches Dankesch\u00f6n an die Manfred Roth Stiftung - Team Bananenflanke\u00ae Bonn \/ Rhein-Sieg e.V.\" \/>\n<meta property=\"og:description\" content=\"Die Bananenflanke Bonn freut sich sehr! Wir wurden zum zweiten Mal von der\u00a0Manfred Roth Stiftung\u00a0mit einer gro\u00dfz\u00fcgigen Spende von\u00a02.000\u202f\u20ac\u00a0unterst\u00fctzt. Diese Wertsch\u00e4tzung ber\u00fchrt uns zutiefst und st\u00e4rkt unser Engagement f\u00fcr Kinder und Jugendliche mit besonderen Herausforderungen im Fu\u00dfball. Der pers\u00f6nliche Empfang durch Frau Hunold, Herrn Dirmeier, Herrn Wirtz und Herrn Bismarck war \u00fcberaus herzlich \u2013 fast [&hellip;]\" \/>\n<meta property=\"og:url\" content=\"https:\/\/team-bananenflanke.de\/bonn\/2025\/07\/15\/ein-herzliches-dankeschoen-an-die-manfred-roth-stiftung\/\" \/>\n<meta property=\"og:site_name\" content=\"Team Bananenflanke\u00ae Bonn \/ Rhein-Sieg e.V.\" \/>\n<meta property=\"article:published_time\" content=\"2025-07-15T09:20:11+00:00\" \/>\n<meta property=\"article:modified_time\" content=\"2026-04-23T09:21:20+00:00\" \/>\n<meta property=\"og:image\" content=\"https:\/\/team-bananenflanke.de\/bonn\/wp-content\/uploads\/2026\/04\/csm_20250714_135131_0__9b76076fb9.jpg\" \/>\n\t<meta property=\"og:image:width\" content=\"1920\" \/>\n\t<meta property=\"og:image:height\" content=\"887\" \/>\n\t<meta property=\"og:image:type\" content=\"image\/jpeg\" \/>\n<meta name=\"author\" content=\"Marina Spielmann\" \/>\n<meta name=\"twitter:card\" content=\"summary_large_image\" \/>\n<meta name=\"twitter:label1\" content=\"Verfasst von\" \/>\n\t<meta name=\"twitter:data1\" content=\"Marina Spielmann\" \/>\n\t<meta name=\"twitter:label2\" content=\"Gesch\u00e4tzte Lesezeit\" \/>\n\t<meta name=\"twitter:data2\" content=\"1\u00a0Minute\" \/>\n<script type=\"application\/ld+json\" class=\"yoast-schema-graph\">{\"@context\":\"https:\\\/\\\/schema.org\",\"@graph\":[{\"@type\":\"Article\",\"@id\":\"https:\\\/\\\/team-bananenflanke.de\\\/bonn\\\/2025\\\/07\\\/15\\\/ein-herzliches-dankeschoen-an-die-manfred-roth-stiftung\\\/#article\",\"isPartOf\":{\"@id\":\"https:\\\/\\\/team-bananenflanke.de\\\/bonn\\\/2025\\\/07\\\/15\\\/ein-herzliches-dankeschoen-an-die-manfred-roth-stiftung\\\/\"},\"author\":{\"name\":\"Marina Spielmann\",\"@id\":\"https:\\\/\\\/team-bananenflanke.de\\\/bonn\\\/#\\\/schema\\\/person\\\/92cb80f115ffc06c5d44cfec0fd46c10\"},\"headline\":\"Ein herzliches Dankesch\u00f6n an die Manfred Roth Stiftung\",\"datePublished\":\"2025-07-15T09:20:11+00:00\",\"dateModified\":\"2026-04-23T09:21:20+00:00\",\"mainEntityOfPage\":{\"@id\":\"https:\\\/\\\/team-bananenflanke.de\\\/bonn\\\/2025\\\/07\\\/15\\\/ein-herzliches-dankeschoen-an-die-manfred-roth-stiftung\\\/\"},\"wordCount\":230,\"image\":{\"@id\":\"https:\\\/\\\/team-bananenflanke.de\\\/bonn\\\/2025\\\/07\\\/15\\\/ein-herzliches-dankeschoen-an-die-manfred-roth-stiftung\\\/#primaryimage\"},\"thumbnailUrl\":\"https:\\\/\\\/team-bananenflanke.de\\\/bonn\\\/wp-content\\\/uploads\\\/2026\\\/04\\\/csm_20250714_135131_0__9b76076fb9.jpg\",\"inLanguage\":\"de\"},{\"@type\":\"WebPage\",\"@id\":\"https:\\\/\\\/team-bananenflanke.de\\\/bonn\\\/2025\\\/07\\\/15\\\/ein-herzliches-dankeschoen-an-die-manfred-roth-stiftung\\\/\",\"url\":\"https:\\\/\\\/team-bananenflanke.de\\\/bonn\\\/2025\\\/07\\\/15\\\/ein-herzliches-dankeschoen-an-die-manfred-roth-stiftung\\\/\",\"name\":\"Ein herzliches Dankesch\u00f6n an die Manfred Roth Stiftung - Team Bananenflanke\u00ae Bonn \\\/ Rhein-Sieg e.V.\",\"isPartOf\":{\"@id\":\"https:\\\/\\\/team-bananenflanke.de\\\/bonn\\\/#website\"},\"primaryImageOfPage\":{\"@id\":\"https:\\\/\\\/team-bananenflanke.de\\\/bonn\\\/2025\\\/07\\\/15\\\/ein-herzliches-dankeschoen-an-die-manfred-roth-stiftung\\\/#primaryimage\"},\"image\":{\"@id\":\"https:\\\/\\\/team-bananenflanke.de\\\/bonn\\\/2025\\\/07\\\/15\\\/ein-herzliches-dankeschoen-an-die-manfred-roth-stiftung\\\/#primaryimage\"},\"thumbnailUrl\":\"https:\\\/\\\/team-bananenflanke.de\\\/bonn\\\/wp-content\\\/uploads\\\/2026\\\/04\\\/csm_20250714_135131_0__9b76076fb9.jpg\",\"datePublished\":\"2025-07-15T09:20:11+00:00\",\"dateModified\":\"2026-04-23T09:21:20+00:00\",\"author\":{\"@id\":\"https:\\\/\\\/team-bananenflanke.de\\\/bonn\\\/#\\\/schema\\\/person\\\/92cb80f115ffc06c5d44cfec0fd46c10\"},\"breadcrumb\":{\"@id\":\"https:\\\/\\\/team-bananenflanke.de\\\/bonn\\\/2025\\\/07\\\/15\\\/ein-herzliches-dankeschoen-an-die-manfred-roth-stiftung\\\/#breadcrumb\"},\"inLanguage\":\"de\",\"potentialAction\":[{\"@type\":\"ReadAction\",\"target\":[\"https:\\\/\\\/team-bananenflanke.de\\\/bonn\\\/2025\\\/07\\\/15\\\/ein-herzliches-dankeschoen-an-die-manfred-roth-stiftung\\\/\"]}]},{\"@type\":\"ImageObject\",\"inLanguage\":\"de\",\"@id\":\"https:\\\/\\\/team-bananenflanke.de\\\/bonn\\\/2025\\\/07\\\/15\\\/ein-herzliches-dankeschoen-an-die-manfred-roth-stiftung\\\/#primaryimage\",\"url\":\"https:\\\/\\\/team-bananenflanke.de\\\/bonn\\\/wp-content\\\/uploads\\\/2026\\\/04\\\/csm_20250714_135131_0__9b76076fb9.jpg\",\"contentUrl\":\"https:\\\/\\\/team-bananenflanke.de\\\/bonn\\\/wp-content\\\/uploads\\\/2026\\\/04\\\/csm_20250714_135131_0__9b76076fb9.jpg\",\"width\":1920,\"height\":887},{\"@type\":\"BreadcrumbList\",\"@id\":\"https:\\\/\\\/team-bananenflanke.de\\\/bonn\\\/2025\\\/07\\\/15\\\/ein-herzliches-dankeschoen-an-die-manfred-roth-stiftung\\\/#breadcrumb\",\"itemListElement\":[{\"@type\":\"ListItem\",\"position\":1,\"name\":\"Start\",\"item\":\"https:\\\/\\\/team-bananenflanke.de\\\/bonn\\\/\"},{\"@type\":\"ListItem\",\"position\":2,\"name\":\"Ein herzliches Dankesch\u00f6n an die Manfred Roth Stiftung\"}]},{\"@type\":\"WebSite\",\"@id\":\"https:\\\/\\\/team-bananenflanke.de\\\/bonn\\\/#website\",\"url\":\"https:\\\/\\\/team-bananenflanke.de\\\/bonn\\\/\",\"name\":\"Team Bananenflanke\u00ae Bonn \\\/ Rhein-Sieg e.V.\",\"description\":\"Fu\u00dfball kennt keine Grenzen!\",\"potentialAction\":[{\"@type\":\"SearchAction\",\"target\":{\"@type\":\"EntryPoint\",\"urlTemplate\":\"https:\\\/\\\/team-bananenflanke.de\\\/bonn\\\/?s={search_term_string}\"},\"query-input\":{\"@type\":\"PropertyValueSpecification\",\"valueRequired\":true,\"valueName\":\"search_term_string\"}}],\"inLanguage\":\"de\"},{\"@type\":\"Person\",\"@id\":\"https:\\\/\\\/team-bananenflanke.de\\\/bonn\\\/#\\\/schema\\\/person\\\/92cb80f115ffc06c5d44cfec0fd46c10\",\"name\":\"Marina Spielmann\",\"image\":{\"@type\":\"ImageObject\",\"inLanguage\":\"de\",\"@id\":\"https:\\\/\\\/secure.gravatar.com\\\/avatar\\\/67b7b235c5f3ac9fe6b4b1e82a4d2cfffc29c335db879d461a2cb5fffe85de6a?s=96&d=mm&r=g\",\"url\":\"https:\\\/\\\/secure.gravatar.com\\\/avatar\\\/67b7b235c5f3ac9fe6b4b1e82a4d2cfffc29c335db879d461a2cb5fffe85de6a?s=96&d=mm&r=g\",\"contentUrl\":\"https:\\\/\\\/secure.gravatar.com\\\/avatar\\\/67b7b235c5f3ac9fe6b4b1e82a4d2cfffc29c335db879d461a2cb5fffe85de6a?s=96&d=mm&r=g\",\"caption\":\"Marina Spielmann\"},\"sameAs\":[\"https:\\\/\\\/team-bananenflanke.de\\\/bonn\"],\"url\":\"https:\\\/\\\/team-bananenflanke.de\\\/bonn\\\/author\\\/marina-spielmann\\\/\"}]}<\/script>\n<!-- \/ Yoast SEO plugin. -->","yoast_head_json":{"title":"Ein herzliches Dankesch\u00f6n an die Manfred Roth Stiftung - Team Bananenflanke\u00ae Bonn \/ Rhein-Sieg e.V.","robots":{"index":"index","follow":"follow","max-snippet":"max-snippet:-1","max-image-preview":"max-image-preview:large","max-video-preview":"max-video-preview:-1"},"canonical":"https:\/\/team-bananenflanke.de\/bonn\/2025\/07\/15\/ein-herzliches-dankeschoen-an-die-manfred-roth-stiftung\/","og_locale":"de_DE","og_type":"article","og_title":"Ein herzliches Dankesch\u00f6n an die Manfred Roth Stiftung - Team Bananenflanke\u00ae Bonn \/ Rhein-Sieg e.V.","og_description":"Die Bananenflanke Bonn freut sich sehr! Wir wurden zum zweiten Mal von der\u00a0Manfred Roth Stiftung\u00a0mit einer gro\u00dfz\u00fcgigen Spende von\u00a02.000\u202f\u20ac\u00a0unterst\u00fctzt. Diese Wertsch\u00e4tzung ber\u00fchrt uns zutiefst und st\u00e4rkt unser Engagement f\u00fcr Kinder und Jugendliche mit besonderen Herausforderungen im Fu\u00dfball. Der pers\u00f6nliche Empfang durch Frau Hunold, Herrn Dirmeier, Herrn Wirtz und Herrn Bismarck war \u00fcberaus herzlich \u2013 fast [&hellip;]","og_url":"https:\/\/team-bananenflanke.de\/bonn\/2025\/07\/15\/ein-herzliches-dankeschoen-an-die-manfred-roth-stiftung\/","og_site_name":"Team Bananenflanke\u00ae Bonn \/ Rhein-Sieg e.V.","article_published_time":"2025-07-15T09:20:11+00:00","article_modified_time":"2026-04-23T09:21:20+00:00","og_image":[{"width":1920,"height":887,"url":"https:\/\/team-bananenflanke.de\/bonn\/wp-content\/uploads\/2026\/04\/csm_20250714_135131_0__9b76076fb9.jpg","type":"image\/jpeg"}],"author":"Marina Spielmann","twitter_card":"summary_large_image","twitter_misc":{"Verfasst von":"Marina Spielmann","Gesch\u00e4tzte Lesezeit":"1\u00a0Minute"},"schema":{"@context":"https:\/\/schema.org","@graph":[{"@type":"Article","@id":"https:\/\/team-bananenflanke.de\/bonn\/2025\/07\/15\/ein-herzliches-dankeschoen-an-die-manfred-roth-stiftung\/#article","isPartOf":{"@id":"https:\/\/team-bananenflanke.de\/bonn\/2025\/07\/15\/ein-herzliches-dankeschoen-an-die-manfred-roth-stiftung\/"},"author":{"name":"Marina Spielmann","@id":"https:\/\/team-bananenflanke.de\/bonn\/#\/schema\/person\/92cb80f115ffc06c5d44cfec0fd46c10"},"headline":"Ein herzliches Dankesch\u00f6n an die Manfred Roth Stiftung","datePublished":"2025-07-15T09:20:11+00:00","dateModified":"2026-04-23T09:21:20+00:00","mainEntityOfPage":{"@id":"https:\/\/team-bananenflanke.de\/bonn\/2025\/07\/15\/ein-herzliches-dankeschoen-an-die-manfred-roth-stiftung\/"},"wordCount":230,"image":{"@id":"https:\/\/team-bananenflanke.de\/bonn\/2025\/07\/15\/ein-herzliches-dankeschoen-an-die-manfred-roth-stiftung\/#primaryimage"},"thumbnailUrl":"https:\/\/team-bananenflanke.de\/bonn\/wp-content\/uploads\/2026\/04\/csm_20250714_135131_0__9b76076fb9.jpg","inLanguage":"de"},{"@type":"WebPage","@id":"https:\/\/team-bananenflanke.de\/bonn\/2025\/07\/15\/ein-herzliches-dankeschoen-an-die-manfred-roth-stiftung\/","url":"https:\/\/team-bananenflanke.de\/bonn\/2025\/07\/15\/ein-herzliches-dankeschoen-an-die-manfred-roth-stiftung\/","name":"Ein herzliches Dankesch\u00f6n an die Manfred Roth Stiftung - Team Bananenflanke\u00ae Bonn \/ Rhein-Sieg e.V.","isPartOf":{"@id":"https:\/\/team-bananenflanke.de\/bonn\/#website"},"primaryImageOfPage":{"@id":"https:\/\/team-bananenflanke.de\/bonn\/2025\/07\/15\/ein-herzliches-dankeschoen-an-die-manfred-roth-stiftung\/#primaryimage"},"image":{"@id":"https:\/\/team-bananenflanke.de\/bonn\/2025\/07\/15\/ein-herzliches-dankeschoen-an-die-manfred-roth-stiftung\/#primaryimage"},"thumbnailUrl":"https:\/\/team-bananenflanke.de\/bonn\/wp-content\/uploads\/2026\/04\/csm_20250714_135131_0__9b76076fb9.jpg","datePublished":"2025-07-15T09:20:11+00:00","dateModified":"2026-04-23T09:21:20+00:00","author":{"@id":"https:\/\/team-bananenflanke.de\/bonn\/#\/schema\/person\/92cb80f115ffc06c5d44cfec0fd46c10"},"breadcrumb":{"@id":"https:\/\/team-bananenflanke.de\/bonn\/2025\/07\/15\/ein-herzliches-dankeschoen-an-die-manfred-roth-stiftung\/#breadcrumb"},"inLanguage":"de","potentialAction":[{"@type":"ReadAction","target":["https:\/\/team-bananenflanke.de\/bonn\/2025\/07\/15\/ein-herzliches-dankeschoen-an-die-manfred-roth-stiftung\/"]}]},{"@type":"ImageObject","inLanguage":"de","@id":"https:\/\/team-bananenflanke.de\/bonn\/2025\/07\/15\/ein-herzliches-dankeschoen-an-die-manfred-roth-stiftung\/#primaryimage","url":"https:\/\/team-bananenflanke.de\/bonn\/wp-content\/uploads\/2026\/04\/csm_20250714_135131_0__9b76076fb9.jpg","contentUrl":"https:\/\/team-bananenflanke.de\/bonn\/wp-content\/uploads\/2026\/04\/csm_20250714_135131_0__9b76076fb9.jpg","width":1920,"height":887},{"@type":"BreadcrumbList","@id":"https:\/\/team-bananenflanke.de\/bonn\/2025\/07\/15\/ein-herzliches-dankeschoen-an-die-manfred-roth-stiftung\/#breadcrumb","itemListElement":[{"@type":"ListItem","position":1,"name":"Start","item":"https:\/\/team-bananenflanke.de\/bonn\/"},{"@type":"ListItem","position":2,"name":"Ein herzliches Dankesch\u00f6n an die Manfred Roth Stiftung"}]},{"@type":"WebSite","@id":"https:\/\/team-bananenflanke.de\/bonn\/#website","url":"https:\/\/team-bananenflanke.de\/bonn\/","name":"Team Bananenflanke\u00ae Bonn \/ Rhein-Sieg e.V.","description":"Fu\u00dfball kennt keine Grenzen!","potentialAction":[{"@type":"SearchAction","target":{"@type":"EntryPoint","urlTemplate":"https:\/\/team-bananenflanke.de\/bonn\/?s={search_term_string}"},"query-input":{"@type":"PropertyValueSpecification","valueRequired":true,"valueName":"search_term_string"}}],"inLanguage":"de"},{"@type":"Person","@id":"https:\/\/team-bananenflanke.de\/bonn\/#\/schema\/person\/92cb80f115ffc06c5d44cfec0fd46c10","name":"Marina Spielmann","image":{"@type":"ImageObject","inLanguage":"de","@id":"https:\/\/secure.gravatar.com\/avatar\/67b7b235c5f3ac9fe6b4b1e82a4d2cfffc29c335db879d461a2cb5fffe85de6a?s=96&d=mm&r=g","url":"https:\/\/secure.gravatar.com\/avatar\/67b7b235c5f3ac9fe6b4b1e82a4d2cfffc29c335db879d461a2cb5fffe85de6a?s=96&d=mm&r=g","contentUrl":"https:\/\/secure.gravatar.com\/avatar\/67b7b235c5f3ac9fe6b4b1e82a4d2cfffc29c335db879d461a2cb5fffe85de6a?s=96&d=mm&r=g","caption":"Marina Spielmann"},"sameAs":["https:\/\/team-bananenflanke.de\/bonn"],"url":"https:\/\/team-bananenflanke.de\/bonn\/author\/marina-spielmann\/"}]}},"_links":{"self":[{"href":"https:\/\/team-bananenflanke.de\/bonn\/wp-json\/wp\/v2\/posts\/259","targetHints":{"allow":["GET"]}}],"collection":[{"href":"https:\/\/team-bananenflanke.de\/bonn\/wp-json\/wp\/v2\/posts"}],"about":[{"href":"https:\/\/team-bananenflanke.de\/bonn\/wp-json\/wp\/v2\/types\/post"}],"author":[{"embeddable":true,"href":"https:\/\/team-bananenflanke.de\/bonn\/wp-json\/wp\/v2\/users\/1"}],"replies":[{"embeddable":true,"href":"https:\/\/team-bananenflanke.de\/bonn\/wp-json\/wp\/v2\/comments?post=259"}],"version-history":[{"count":1,"href":"https:\/\/team-bananenflanke.de\/bonn\/wp-json\/wp\/v2\/posts\/259\/revisions"}],"predecessor-version":[{"id":261,"href":"https:\/\/team-bananenflanke.de\/bonn\/wp-json\/wp\/v2\/posts\/259\/revisions\/261"}],"wp:featuredmedia":[{"embeddable":true,"href":"https:\/\/team-bananenflanke.de\/bonn\/wp-json\/wp\/v2\/media\/260"}],"wp:attachment":[{"href":"https:\/\/team-bananenflanke.de\/bonn\/wp-json\/wp\/v2\/media?parent=259"}],"wp:term":[{"taxonomy":"category","embeddable":true,"href":"https:\/\/team-bananenflanke.de\/bonn\/wp-json\/wp\/v2\/categories?post=259"},{"taxonomy":"post_tag","embeddable":true,"href":"https:\/\/team-bananenflanke.de\/bonn\/wp-json\/wp\/v2\/tags?post=259"}],"curies":[{"name":"wp","href":"https:\/\/api.w.org\/{rel}","templated":true}]}}